{"id":8896,"date":"2019-11-01T20:36:54","date_gmt":"2019-11-01T18:36:54","guid":{"rendered":"https:\/?p=8896"},"modified":"2019-11-01T20:36:54","modified_gmt":"2019-11-01T18:36:54","slug":"asociacijos-praktikai-tesia-susitikimus-universitetuose","status":"publish","type":"post","link":"https:\/\/vaa.lt\/en\/asociacijos-praktikai-tesia-susitikimus-universitetuose\/","title":{"rendered":"Asociacijos praktikai t\u0119sia susitikimus universitetuose"},"content":{"rendered":"<p>\u0160i\u0173 met\u0173 spalio m\u0117nes\u012f Mykolo Romerio bei Vilniaus universitetuose buvo t\u0119siama Vidaus auditori\u0173 asociacijos \u0161vie\u010diamoji veikla, kurios tikslas &#8211; paskatinti student\u0173 dom\u0117jim\u0105si vidaus auditoriaus profesija bei pla\u010diau pristatyti vidaus auditoriaus darbo specifik\u0105, akcentuojant ne tik Tarptautini\u0173 vidaus audito profesin\u0117s praktikos standart\u0173 svarb\u0105, bet taip pat dalinantis ger\u0105ja praktika. Paskaitose dalyvavo Apskaitos ir audito specializacijos bakalauro studentai (VU), Finans\u0173 valdymo programos II kurso ir Veiklos audito programos I kurso magistrantai (MRU), o savo patirtimi su jais dalinosi Vidaus auditori\u0173 asociacijos Valdybos narys bei Partneryst\u0117s ir bendradarbiavimo komiteto pirmininkas Tomas Rad\u0117nas bei \u0161io komiteto nar\u0117 Gintar\u0117 Sar\u017eickien\u0117.<\/p>\n<p>U\u017e \u0161i\u0105 iniciatyv\u0105 Vidaus auditori\u0173 asociacija sulauk\u0117 palaikymo i\u0161 abiej\u0173 universitet\u0173. VU d\u0117stytoja, Apskaitos ir audito katedros jaunesnioji asistent\u0117 Daiva Razi\u016bnien\u0117 po pristatymo teig\u0117: \u201eLabai d\u017eiaugiuosi ir d\u0117koju u\u017e toki\u0105 prasming\u0105 iniciatyv\u0105. Gintar\u0117 ir Tomas labai profesionaliai, dalyki\u0161kai ir turiningai pasakojo apie vidaus audito veiklos aktualijas. Didelis a\u010di\u016b u\u017e visas pastangas, kurias dedate profesijos \u017einomumo labui ir bendradarbiavimui su akademine visuomene bei studentais\u201c.<\/p>\n<p>Pasak MRU magistrant\u016bros studij\u0173 Veiklos audito programos vadov\u0117s doc.\u00a0dr.\u00a0Dalios Daujotait\u0117s, \u201e\u012edomus seminaro\u00a0turinys bei daug praktini\u0173 pavyzd\u017ei\u0173 sudomino studentus ir \u012ftrauk\u0117 \u012f\u00a0aktyvi\u0105 diskusij\u0105. Seminaras ne tik papild\u0117 studentams \u0161ios srities \u017einias, bet ir atskleid\u0117 \u0161ios profesijos subtilybes.\u00a0Pasidalinimas savo srities naujov\u0117mis ir \u012f\u017evalgomis yra student\u0173 visada laukiamas ir prisideda prie j\u0173 profesinio tobul\u0117jimo\u201c.<\/p>\n<p>Vidaus auditori\u0173 asociacijos valdybos pirminink\u0117s Inos Luko\u0161ien\u0117s nuomone, jaunajai auditori\u0173 kartai svarbu atskleisti \u0161io darbo specifik\u0105, galimas praktines situacijas ir sprendimo b\u016bdus, atsakyti \u012f jiems r\u016bpimus klausimus, kad studentai pajaust\u0173 teorini\u0173 \u017eini\u0173 pritaikomum\u0105. Tad asociacija ir toliau ketina palaikyti \u0161i\u0105 \u0161viet\u0117ji\u0161k\u0105 veikl\u0105.<\/p>\n<p>Iki susitikim\u0173 kituose Lietuvos universitetuose!<\/p>\n<div id='gallery-1' class='gallery galleryid-8896 gallery-columns-1 gallery-size-large'><figure class='gallery-item'>\n\t\t\t<div class='gallery-icon landscape'>\n\t\t\t\t<img decoding=\"async\" width=\"1024\" height=\"768\" src=\"https:\/\/vaa.lt\/wp-content\/uploads\/2019\/11\/3-1024x768.jpg\" class=\"attachment-large size-large\" alt=\"\" srcset=\"https:\/\/vaa.lt\/wp-content\/uploads\/2019\/11\/3-1024x768.jpg 1024w, https:\/\/vaa.lt\/wp-content\/uploads\/2019\/11\/3-scaled-600x450.jpg 600w, https:\/\/vaa.lt\/wp-content\/uploads\/2019\/11\/3-768x576.jpg 768w\" sizes=\"(max-width: 1024px) 100vw, 1024px\" \/>\n\t\t\t<\/div><\/figure>\n\t\t<\/div>","protected":false},"excerpt":{"rendered":"<p>\u0160i\u0173 met\u0173 spalio m\u0117nes\u012f Mykolo Romerio bei Vilniaus universitetuose buvo t\u0119siama Vidaus auditori\u0173 asociacijos \u0161vie\u010diamoji veikla, kurios tikslas &#8211; paskatinti student\u0173 dom\u0117jim\u0105si vidaus auditoriaus profesija bei pla\u010diau pristatyti vidaus auditoriaus darbo specifik\u0105, akcentuojant ne tik Tarptautini\u0173 vidaus audito profesin\u0117s praktikos standart\u0173 svarb\u0105, bet taip pat dalinantis ger\u0105ja praktika. Paskaitose dalyvavo Apskaitos ir audito specializacijos bakalauro [&hellip;]<\/p>","protected":false},"author":1,"featured_media":0,"comment_status":"open","ping_status":"open","sticky":false,"template":"","format":"standard","meta":{"footnotes":""},"categories":[31],"tags":[],"class_list":["post-8896","post","type-post","status-publish","format-standard","hentry","category-naujienos"],"featured_image_src":{"landsacpe":false,"list":false,"medium":false,"full":false},"_links":{"self":[{"href":"https:\/\/vaa.lt\/en\/wp-json\/wp\/v2\/posts\/8896","targetHints":{"allow":["GET"]}}],"collection":[{"href":"https:\/\/vaa.lt\/en\/wp-json\/wp\/v2\/posts"}],"about":[{"href":"https:\/\/vaa.lt\/en\/wp-json\/wp\/v2\/types\/post"}],"author":[{"embeddable":true,"href":"https:\/\/vaa.lt\/en\/wp-json\/wp\/v2\/users\/1"}],"replies":[{"embeddable":true,"href":"https:\/\/vaa.lt\/en\/wp-json\/wp\/v2\/comments?post=8896"}],"version-history":[{"count":0,"href":"https:\/\/vaa.lt\/en\/wp-json\/wp\/v2\/posts\/8896\/revisions"}],"wp:attachment":[{"href":"https:\/\/vaa.lt\/en\/wp-json\/wp\/v2\/media?parent=8896"}],"wp:term":[{"taxonomy":"category","embeddable":true,"href":"https:\/\/vaa.lt\/en\/wp-json\/wp\/v2\/categories?post=8896"},{"taxonomy":"post_tag","embeddable":true,"href":"https:\/\/vaa.lt\/en\/wp-json\/wp\/v2\/tags?post=8896"}],"curies":[{"name":"wp","href":"https:\/\/api.w.org\/{rel}","templated":true}]}}