{"id":8349,"date":"2019-03-22T08:18:14","date_gmt":"2019-03-22T06:18:14","guid":{"rendered":"https:\/?p=8349"},"modified":"2019-03-22T08:18:14","modified_gmt":"2019-03-22T06:18:14","slug":"latvijos-tarptautinis-vidaus-auditoriu-institutas-kviecia-i-specialia-metine-konferencija","status":"publish","type":"post","link":"https:\/\/vaa.lt\/en\/latvijos-tarptautinis-vidaus-auditoriu-institutas-kviecia-i-specialia-metine-konferencija\/","title":{"rendered":"Latvijos tarptautinis vidaus auditori\u0173 institutas kvie\u010dia \u012f speciali\u0105 metin\u0119 konferencij\u0105"},"content":{"rendered":"<p style=\"text-align: justify;\">Latvijos tarptautinis vidaus auditori\u0173 institutas (IIA Latvija) 2019 m. gegu\u017e\u0117s 23-24 d. kvie\u010dia \u012f speciali\u0105 metin\u0119 konferencij\u0105 \u201eVizija. Vystymas. Pasiekimai\u201c Jurmaloje. Konferencijoje dalyvaus Europos \u0161ali\u0173 prane\u0161\u0117jai, \u012fskaitant tokius \u012fsp\u016bdingus prane\u0161\u0117jus kaip Angela Witzany (buvusi IIA Global valdybos pirminink\u0117), Thijs Smith (buv\u0119s ECIIA prezidentas ir IIA Global valdybos narys, audito komiteto narys), kurie labai prisid\u0117jo prie vidaus audito profesijos augimo ir yra pasireng\u0119 pasidalyti savo nuomon\u0117mis ir \u017einiomis su konferencijos dalyviais. Konferencijoje taip pat bus daug tem\u0173, sutelkian\u010di\u0173 d\u0117mes\u012f \u012f tokias svarbias temas kaip IT ir kibernetinis saugumas. Daugiau informacijos rasite <a href=\"https:\/\/iai.lv\/en\/imagine-explore-achieve-iia-latvia-konference-2019\">\u010dia<\/a>.<\/p>","protected":false},"excerpt":{"rendered":"<p>Latvijos tarptautinis vidaus auditori\u0173 institutas (IIA Latvija) 2019 m. gegu\u017e\u0117s 23-24 d. kvie\u010dia \u012f speciali\u0105 metin\u0119 konferencij\u0105 \u201eVizija. Vystymas. Pasiekimai\u201c Jurmaloje. Konferencijoje dalyvaus Europos \u0161ali\u0173 prane\u0161\u0117jai, \u012fskaitant tokius \u012fsp\u016bdingus prane\u0161\u0117jus kaip Angela Witzany (buvusi IIA Global valdybos pirminink\u0117), Thijs Smith (buv\u0119s ECIIA prezidentas ir IIA Global valdybos narys, audito komiteto narys), kurie labai prisid\u0117jo prie [&hellip;]<\/p>","protected":false},"author":2,"featured_media":8350,"comment_status":"open","ping_status":"open","sticky":false,"template":"","format":"standard","meta":{"footnotes":""},"categories":[31],"tags":[],"class_list":["post-8349","post","type-post","status-publish","format-standard","has-post-thumbnail","hentry","category-naujienos"],"featured_image_src":{"landsacpe":["https:\/\/vaa.lt\/wp-content\/uploads\/2019\/03\/Logo-1.jpg",621,445,false],"list":["https:\/\/vaa.lt\/wp-content\/uploads\/2019\/03\/Logo-1.jpg",463,332,false],"medium":["https:\/\/vaa.lt\/wp-content\/uploads\/2019\/03\/Logo-1-300x215.jpg",300,215,true],"full":["https:\/\/vaa.lt\/wp-content\/uploads\/2019\/03\/Logo-1.jpg",2456,1760,false]},"_links":{"self":[{"href":"https:\/\/vaa.lt\/en\/wp-json\/wp\/v2\/posts\/8349","targetHints":{"allow":["GET"]}}],"collection":[{"href":"https:\/\/vaa.lt\/en\/wp-json\/wp\/v2\/posts"}],"about":[{"href":"https:\/\/vaa.lt\/en\/wp-json\/wp\/v2\/types\/post"}],"author":[{"embeddable":true,"href":"https:\/\/vaa.lt\/en\/wp-json\/wp\/v2\/users\/2"}],"replies":[{"embeddable":true,"href":"https:\/\/vaa.lt\/en\/wp-json\/wp\/v2\/comments?post=8349"}],"version-history":[{"count":0,"href":"https:\/\/vaa.lt\/en\/wp-json\/wp\/v2\/posts\/8349\/revisions"}],"wp:featuredmedia":[{"embeddable":true,"href":"https:\/\/vaa.lt\/en\/wp-json\/wp\/v2\/media\/8350"}],"wp:attachment":[{"href":"https:\/\/vaa.lt\/en\/wp-json\/wp\/v2\/media?parent=8349"}],"wp:term":[{"taxonomy":"category","embeddable":true,"href":"https:\/\/vaa.lt\/en\/wp-json\/wp\/v2\/categories?post=8349"},{"taxonomy":"post_tag","embeddable":true,"href":"https:\/\/vaa.lt\/en\/wp-json\/wp\/v2\/tags?post=8349"}],"curies":[{"name":"wp","href":"https:\/\/api.w.org\/{rel}","templated":true}]}}