{"id":8232,"date":"2019-02-05T14:06:13","date_gmt":"2019-02-05T12:06:13","guid":{"rendered":"https:\/?p=8232"},"modified":"2019-02-05T14:07:50","modified_gmt":"2019-02-05T12:07:50","slug":"vidaus-auditoriu-asociacijos-nariai-lankesi-ab-vilniaus-silumos-tinkluose","status":"publish","type":"post","link":"https:\/\/vaa.lt\/en\/vidaus-auditoriu-asociacijos-nariai-lankesi-ab-vilniaus-silumos-tinkluose\/","title":{"rendered":"Vidaus auditori\u0173 asociacijos nariai lank\u0117si AB Vilniaus \u0161ilumos tinkluose"},"content":{"rendered":"<p>AB \u201eVilniaus \u0161ilumos tinklai\u201c 2019 m. sausio 31 d. suorganizavo pri\u0117mim\u0105 Vidaus auditori\u0173 asociacijos nariams, kurio metu buvo pristatyta Bendrov\u0117s veikla, vidaus audito veikla, aptarti vidaus audito tikslai, siekiai, kontrol\u0117s proces\u0173 veiksmingumas, pasidalinta patirtimi apie vidaus audito proces\u0173 automatizavim\u0105, robotizavim\u0105, bendradarbiavim\u0105 su kitais Bendrov\u0117s padaliniais vykdant planinius, neplaninius auditus, patikrinimus, komunikacij\u0105 su audituojamaisiais subjektais. Po veiklos pristatymo vyko ekskursija Vilniaus termofikacin\u0117je elektrin\u0117je Nr. 2.<\/p>\n<p><strong>Gauti atsiliepimai apie \u012fvykus\u012f susitikim\u0105:<\/strong><\/p>\n<p>Rasa K.: \u201eD\u0117koju u\u017e iniciatyv\u0105, geranori\u0161kum\u0105 pasidalinant savo patirtimi, nuostab\u0173 ir \u0161ilt\u0105 pri\u0117mim\u0105 ir naudingai praleist\u0105 laik\u0105, o tokio bendradarbiavimo su kolegomis belieka tik pavyd\u0117ti. \u0160aunuoliai!!! \u0160is susitikimas leido ne tik susipa\u017einti su kit\u0173 vidaus auditori\u0173 praktika, bet ir labiau pa\u017einti pa\u010dius kolegas! S\u0117km\u0117s darbuose\u201d.<\/p>\n<p>Tomas S.: \u201eD\u0117koju Jums u\u017e \u012fdom\u0173, nauding\u0105 ir puikiai organizuot\u0105 rengin\u012f\u201d.<\/p>\n<p>Laura G. B.: \u201eGintare \u2013 a\u010di\u016b labai tau ir tavo kolegoms u\u017e \u0161iandienos vizit\u0105. Buvo tikrai \u0161iltas pri\u0117mimas ir labai naudinga i\u0161girsti apie j\u016bs\u0173 darom\u0105 progres\u0105 tokioje svarbioje Vilniui \u012emon\u0117je. Linkiu stipryb\u0117s, energijos ir toliau stiprinant Bendrov\u0117s kontroles ir rizik\u0173 valdym\u0105\u201c.<\/p>\n<p>Egl\u0117 V.: \u201eLabai a\u010di\u016b u\u017e tok\u012f puik\u0173 pristatym\u0105. Gaila negal\u0117jau sudalyvauti ekskursijoje, ta\u010diau tikiu, kad ji nenustelb\u0117 pristatymo apie organizacij\u0105, vidaus audito ir rizik\u0173 valdymo veikl\u0105\u201c.<\/p>\n<p>D\u017eiaugiam\u0117s, jog \u0161i id\u0117ja bei iniciatyva sulauk\u0117 didelio Vidaus auditori\u0173 asociacijos nari\u0173 susidom\u0117jimo, tai tik dar kart\u0105 \u012frodo, kad vidaus auditoriai nori komunikuoti, bendradarbiauti ir dalintis gerosiomis praktikomis. Iki kit\u0173 susitikim\u0173!<\/p>","protected":false},"excerpt":{"rendered":"<p>AB \u201eVilniaus \u0161ilumos tinklai\u201c 2019 m. sausio 31 d. suorganizavo pri\u0117mim\u0105 Vidaus auditori\u0173 asociacijos nariams, kurio metu buvo pristatyta Bendrov\u0117s veikla, vidaus audito veikla, aptarti vidaus audito tikslai, siekiai, kontrol\u0117s proces\u0173 veiksmingumas, pasidalinta patirtimi apie vidaus audito proces\u0173 automatizavim\u0105, robotizavim\u0105, bendradarbiavim\u0105 su kitais Bendrov\u0117s padaliniais vykdant planinius, neplaninius auditus, patikrinimus, komunikacij\u0105 su audituojamaisiais subjektais. Po [&hellip;]<\/p>","protected":false},"author":2,"featured_media":8235,"comment_status":"open","ping_status":"open","sticky":false,"template":"","format":"standard","meta":{"footnotes":""},"categories":[53],"tags":[],"class_list":["post-8232","post","type-post","status-publish","format-standard","has-post-thumbnail","hentry","category-susitikimai"],"featured_image_src":{"landsacpe":["https:\/\/vaa.lt\/wp-content\/uploads\/2019\/02\/IMG_13-1.jpg",667,445,false],"list":["https:\/\/vaa.lt\/wp-content\/uploads\/2019\/02\/IMG_13-1.jpg",463,309,false],"medium":["https:\/\/vaa.lt\/wp-content\/uploads\/2019\/02\/IMG_13-1-300x200.jpg",300,200,true],"full":["https:\/\/vaa.lt\/wp-content\/uploads\/2019\/02\/IMG_13-1.jpg",2014,1343,false]},"_links":{"self":[{"href":"https:\/\/vaa.lt\/en\/wp-json\/wp\/v2\/posts\/8232","targetHints":{"allow":["GET"]}}],"collection":[{"href":"https:\/\/vaa.lt\/en\/wp-json\/wp\/v2\/posts"}],"about":[{"href":"https:\/\/vaa.lt\/en\/wp-json\/wp\/v2\/types\/post"}],"author":[{"embeddable":true,"href":"https:\/\/vaa.lt\/en\/wp-json\/wp\/v2\/users\/2"}],"replies":[{"embeddable":true,"href":"https:\/\/vaa.lt\/en\/wp-json\/wp\/v2\/comments?post=8232"}],"version-history":[{"count":0,"href":"https:\/\/vaa.lt\/en\/wp-json\/wp\/v2\/posts\/8232\/revisions"}],"wp:featuredmedia":[{"embeddable":true,"href":"https:\/\/vaa.lt\/en\/wp-json\/wp\/v2\/media\/8235"}],"wp:attachment":[{"href":"https:\/\/vaa.lt\/en\/wp-json\/wp\/v2\/media?parent=8232"}],"wp:term":[{"taxonomy":"category","embeddable":true,"href":"https:\/\/vaa.lt\/en\/wp-json\/wp\/v2\/categories?post=8232"},{"taxonomy":"post_tag","embeddable":true,"href":"https:\/\/vaa.lt\/en\/wp-json\/wp\/v2\/tags?post=8232"}],"curies":[{"name":"wp","href":"https:\/\/api.w.org\/{rel}","templated":true}]}}