{"id":6680,"date":"2018-11-19T12:36:05","date_gmt":"2018-11-19T12:36:05","guid":{"rendered":"https:\/?p=6680"},"modified":"2018-11-19T12:36:05","modified_gmt":"2018-11-19T12:36:05","slug":"vidaus-auditoriu-asociacijos-valdybos-pirmininke-ina-lukosiene-dalyvavo-europos-vidaus-auditoriu-institutu-konfederacijos-generalineje-asamblejoje-madride-2","status":"publish","type":"post","link":"https:\/\/vaa.lt\/en\/vidaus-auditoriu-asociacijos-valdybos-pirmininke-ina-lukosiene-dalyvavo-europos-vidaus-auditoriu-institutu-konfederacijos-generalineje-asamblejoje-madride-2\/","title":{"rendered":"Vidaus auditori\u0173 asociacijos valdybos pirminink\u0117 Ina Luko\u0161ien\u0117 dalyvavo Europos vidaus auditori\u0173 institut\u0173 konfederacijos Generalin\u0117je Asambl\u0117joje Madride"},"content":{"rendered":"<p class=\"rtejustify\" style=\"text-align: justify;\">Vidaus auditori\u0173 asociacijos pirminink\u0117 Ina Luko\u0161ien\u0117 2018 m. spalio 5 &#8211; 6 d. dalyvavo Europos vidaus auditori\u0173 institut\u0173 konfederacijos (ECIIA) Generalin\u0117je Asambl\u0117joje Madride, kurioje atstovavo Lietuv\u0105, kaip vien\u0105 \u0161ios organizacijos nari\u0173.<\/p>\n<p class=\"rtejustify\" style=\"text-align: justify;\">Generalin\u0117 Asambl\u0117ja &#8211; tai kasmetinis renginys, kuriame susirenka vis\u0173 Europos \u0161ali\u0173, priklausan\u010di\u0173 ECIIA, vadovai, jame ap\u017evelgiama ECIIA pra\u0117jusi\u0173 met\u0173 veikla, planai ateinantiems metams, tvirtinamas biud\u017eetas, renkama valdyba. Taip pat tai puiki proga su kit\u0173 \u00a0\u0161ali\u0173 lyderiais padiskutuoti bei apsikeisti informacija apie asociacij\u0173 veiklos organizavim\u0105, projektus, iniciatyvas bei kitomis aktualiomis temomis.<\/p>\n<p class=\"rtejustify\" style=\"text-align: justify;\">Susitikti su Europos Institut\u0173 vadovais \u012f Madrid\u0105 atvyko ir Tarptautinio vidaus auditori\u0173 instituto pirmininkas N. Mouri, vykdantysis vadovas W. Michalin ir Sertifikavimo vadov\u0117 L. By, kurie pasidalino informacija apie \u0161io instituto vykdom\u0105 veikl\u0105, nauj\u0105 strategin\u012f plan\u0105, ruo\u0161iamus pakeitimus sertifikavimo srityje.<\/p>\n<p class=\"rtejustify\" style=\"text-align: justify;\">Generalin\u0117s Asambl\u0117jos pertraukos metu m\u016bs\u0173 valdybos pirminink\u0117 Ina Luko\u0161ien\u0117 kartu su Latvijos ir Estijos institut\u0173 vadovais aptar\u0117 glaudesnio bendradarbiavimo galimybes tarp Pabaltijo \u0161ali\u0173, periodi\u0161kai apsikei\u010diant informacija \u012fvairiomis temomis \u2013 apie rengini\u0173 organizavim\u0105 ir lektorius,\u00a0 tarptautini\u0173 rengini\u0173 kainodar\u0105, asociacijos veiklos valdymo efektyvinimo galimybes ir kita.<\/p>\n<p class=\"rtejustify\" style=\"text-align: justify;\">Pasak Inos Luko\u0161ien\u0117s, tiek Generalin\u0117s Asambl\u0117jos formalioji dalis, tiek neformalus pabendravimas pertrauk\u0173 metu &#8211; puikus \u0161altinis pasisemti gerosios praktikos ir id\u0117j\u0173 m\u016bs\u0173 asociacijos veiklai gerinti.<\/p>","protected":false},"excerpt":{"rendered":"<p>Vidaus auditori\u0173 asociacijos pirminink\u0117 Ina Luko\u0161ien\u0117 2018 m. spalio 5 &#8211; 6 d. dalyvavo Europos vidaus auditori\u0173 institut\u0173 konfederacijos (ECIIA) Generalin\u0117je Asambl\u0117joje Madride, kurioje atstovavo Lietuv\u0105, kaip vien\u0105 \u0161ios organizacijos nari\u0173. Generalin\u0117 Asambl\u0117ja &#8211; tai kasmetinis renginys, kuriame susirenka vis\u0173 Europos \u0161ali\u0173, priklausan\u010di\u0173 ECIIA, vadovai, jame ap\u017evelgiama ECIIA pra\u0117jusi\u0173 met\u0173 veikla, planai ateinantiems metams, tvirtinamas [&hellip;]<\/p>","protected":false},"author":1,"featured_media":0,"comment_status":"open","ping_status":"open","sticky":false,"template":"","format":"standard","meta":{"footnotes":""},"categories":[31],"tags":[],"class_list":["post-6680","post","type-post","status-publish","format-standard","hentry","category-naujienos"],"featured_image_src":{"landsacpe":false,"list":false,"medium":false,"full":false},"_links":{"self":[{"href":"https:\/\/vaa.lt\/en\/wp-json\/wp\/v2\/posts\/6680","targetHints":{"allow":["GET"]}}],"collection":[{"href":"https:\/\/vaa.lt\/en\/wp-json\/wp\/v2\/posts"}],"about":[{"href":"https:\/\/vaa.lt\/en\/wp-json\/wp\/v2\/types\/post"}],"author":[{"embeddable":true,"href":"https:\/\/vaa.lt\/en\/wp-json\/wp\/v2\/users\/1"}],"replies":[{"embeddable":true,"href":"https:\/\/vaa.lt\/en\/wp-json\/wp\/v2\/comments?post=6680"}],"version-history":[{"count":0,"href":"https:\/\/vaa.lt\/en\/wp-json\/wp\/v2\/posts\/6680\/revisions"}],"wp:attachment":[{"href":"https:\/\/vaa.lt\/en\/wp-json\/wp\/v2\/media?parent=6680"}],"wp:term":[{"taxonomy":"category","embeddable":true,"href":"https:\/\/vaa.lt\/en\/wp-json\/wp\/v2\/categories?post=6680"},{"taxonomy":"post_tag","embeddable":true,"href":"https:\/\/vaa.lt\/en\/wp-json\/wp\/v2\/tags?post=6680"}],"curies":[{"name":"wp","href":"https:\/\/api.w.org\/{rel}","templated":true}]}}