{"id":14797,"date":"2025-02-04T22:41:35","date_gmt":"2025-02-04T20:41:35","guid":{"rendered":"https:\/?p=14797"},"modified":"2025-02-05T08:03:28","modified_gmt":"2025-02-05T06:03:28","slug":"atlygio-tyrimas","status":"publish","type":"post","link":"https:\/\/vaa.lt\/en\/atlygio-tyrimas\/","title":{"rendered":"Atlygio tyrimas"},"content":{"rendered":"<div class=\"wpb-content-wrapper\"><div class=\"vc_row wpb_row row top-row wpb_custom_034b39d9bc6c6b310d69e39f0ccf274f\"><div class=\"vc_column_container col-md-12\"><div class=\"wpb_wrapper vc_column-inner\">\r\n\t<div class=\"wpb_text_column wpb_content_element wpb_custom_7c91d232724f73626cc933bd95b25ff0\" >\r\n\t\t<div class=\"wpb_wrapper\">\r\n\t\t\t<p style=\"text-align: justify;\"><span style=\"font-size: 17px;\"><strong>Mielas vidaus audito\u00a0<\/strong><strong>profesijos atstove,<\/strong><\/span><\/p>\n<p style=\"text-align: justify;\"><span style=\"font-size: 17px;\">2019 m. Lietuvos Vidaus auditori\u0173 asociacija inicijavo apklaus\u0105 Lietuvoje, Latvijoje ir Estijoje, siekdama sukurti vidaus audito profesijos atstovo portret\u0105. Tyrimo metu buvo analizuojamas atlygis, jo priklausomyb\u0117 nuo \u012fvairi\u0173 veiksni\u0173 bei skirtumai tarp Baltijos vidaus audito profesijos atstov\u0173.<\/span><\/p>\n<p style=\"text-align: justify;\"><span style=\"font-size: 17px;\">Po penkeri\u0173 met\u0173 gr\u012f\u017etame su nauja apklausa!<\/span><\/p>\n<p style=\"text-align: justify;\"><span style=\"font-size: 17px;\">Siekiame \u012fvertinti, kaip per \u0161\u012f laikotarp\u012f pasikeit\u0117 vidaus auditoriaus profesija: kokios \u0161iuo metu vyrauja atlygio tendencijos, kaip kito sertifikavimo ir kvalifikacijos lygiai, kokiuose veiklos sektoriuose yra aktuali bei paplitusi \u0161i funkcija, kokie skirtumai pastebimi tarp skirting\u0173 kaimynini\u0173 \u0161ali\u0173.<\/span><\/p>\n<p style=\"text-align: justify;\"><span style=\"font-size: 17px;\">D\u017eiaugiam\u0117s gal\u0117dami prane\u0161ti, kad \u0161iemet tyrimo geografija ple\u010diasi \u2013 prie Lietuvos, Latvijos ir Estijos prisijungia ir Lenkija!<\/span><\/p>\n<p style=\"text-align: justify;\"><span style=\"font-size: 17px;\">Taigi, kvie\u010diame skirti\u00a0<strong>apie 15 minu\u010di\u0173<\/strong>\u00a0ir sudalyvauti apklausoje, kuri\u0105 sudaro tiek u\u017edari, tiek ir atviri klausimai, leid\u017eiantys i\u0161samiai i\u0161reik\u0161ti savo nuomon\u0119. J\u016bs\u0173 atsakymai yra\u00a0anoniminiai\u00a0ir bus naudojami tik apibendrintiems rezultatams analizuoti\u00a0bei pateikti.<\/span><\/p>\n<p style=\"text-align: justify;\"><span style=\"font-size: 17px;\"><strong>Dalyvauti apklausoje galite paspaud\u0119 \u0161i\u0105 nuorod\u0105:<a href=\"https:\/\/www.manoapklausa.lt\/apklausa\/1749867859\/\" target=\"_blank\" rel=\"noopener noreferrer\">\u00a0ANKETA<\/a> Apklausa vyks iki vasario 28 dienos. Kvie\u010diame aktyviai dalyvauti!<\/strong><\/span><\/p>\n<p style=\"text-align: justify;\"><span style=\"font-size: 17px;\">D\u0117kojame u\u017e j\u016bs\u0173 laik\u0105 ir ind\u0117l\u012f \u012f vidaus audito profesijos augim\u0105\u00a0bei\u00a0\u017einomumo didinim\u0105!<\/span><\/p>\n<p style=\"text-align: justify;\"><span style=\"font-size: 17px;\">Pagarbiai,<br \/>\nVidaus auditori\u0173 asociacija<\/span><\/p>\n\r\n\t\t<\/div>\r\n\t<\/div>\r\n<\/div><\/div><\/div>\n<\/div>","protected":false},"excerpt":{"rendered":"Mielas vidaus audito\u00a0profesijos atstove, 2019 m. Lietuvos Vidaus auditori\u0173 asociacija inicijavo apklaus\u0105 Lietuvoje, Latvijoje ir Estijoje, siekdama sukurti vidaus audito profesijos atstovo portret\u0105. Tyrimo metu buvo analizuojamas atlygis, jo priklausomyb\u0117 nuo \u012fvairi\u0173 veiksni\u0173 bei skirtumai tarp Baltijos vidaus audito profesijos atstov\u0173. Po penkeri\u0173 met\u0173 gr\u012f\u017etame su nauja apklausa! Siekiame \u012fvertinti, kaip per \u0161\u012f laikotarp\u012f pasikeit\u0117 [...]","protected":false},"author":8,"featured_media":14837,"comment_status":"open","ping_status":"open","sticky":false,"template":"","format":"standard","meta":{"footnotes":""},"categories":[31],"tags":[93],"class_list":["post-14797","post","type-post","status-publish","format-standard","has-post-thumbnail","hentry","category-naujienos","tag-vidaus-auditoriu-asociacija"],"featured_image_src":{"landsacpe":["https:\/\/vaa.lt\/wp-content\/uploads\/2025\/02\/pexels-fauxels-3183153-1140x445.jpg",1140,445,true],"list":["https:\/\/vaa.lt\/wp-content\/uploads\/2025\/02\/pexels-fauxels-3183153-463x348.jpg",463,348,true],"medium":["https:\/\/vaa.lt\/wp-content\/uploads\/2025\/02\/pexels-fauxels-3183153-300x149.jpg",300,149,true],"full":["https:\/\/vaa.lt\/wp-content\/uploads\/2025\/02\/pexels-fauxels-3183153-scaled.jpg",2560,1273,false]},"_links":{"self":[{"href":"https:\/\/vaa.lt\/en\/wp-json\/wp\/v2\/posts\/14797","targetHints":{"allow":["GET"]}}],"collection":[{"href":"https:\/\/vaa.lt\/en\/wp-json\/wp\/v2\/posts"}],"about":[{"href":"https:\/\/vaa.lt\/en\/wp-json\/wp\/v2\/types\/post"}],"author":[{"embeddable":true,"href":"https:\/\/vaa.lt\/en\/wp-json\/wp\/v2\/users\/8"}],"replies":[{"embeddable":true,"href":"https:\/\/vaa.lt\/en\/wp-json\/wp\/v2\/comments?post=14797"}],"version-history":[{"count":6,"href":"https:\/\/vaa.lt\/en\/wp-json\/wp\/v2\/posts\/14797\/revisions"}],"predecessor-version":[{"id":14841,"href":"https:\/\/vaa.lt\/en\/wp-json\/wp\/v2\/posts\/14797\/revisions\/14841"}],"wp:featuredmedia":[{"embeddable":true,"href":"https:\/\/vaa.lt\/en\/wp-json\/wp\/v2\/media\/14837"}],"wp:attachment":[{"href":"https:\/\/vaa.lt\/en\/wp-json\/wp\/v2\/media?parent=14797"}],"wp:term":[{"taxonomy":"category","embeddable":true,"href":"https:\/\/vaa.lt\/en\/wp-json\/wp\/v2\/categories?post=14797"},{"taxonomy":"post_tag","embeddable":true,"href":"https:\/\/vaa.lt\/en\/wp-json\/wp\/v2\/tags?post=14797"}],"curies":[{"name":"wp","href":"https:\/\/api.w.org\/{rel}","templated":true}]}}