{"id":13326,"date":"2024-02-07T11:31:39","date_gmt":"2024-02-07T09:31:39","guid":{"rendered":"https:\/?p=13326"},"modified":"2024-02-07T11:31:39","modified_gmt":"2024-02-07T09:31:39","slug":"efektyvios-komunikacijos-mokymai-gyvai","status":"publish","type":"post","link":"https:\/\/vaa.lt\/en\/efektyvios-komunikacijos-mokymai-gyvai\/","title":{"rendered":"Efektyvios komunikacijos mokymai gyvai"},"content":{"rendered":"<div class=\"wpb-content-wrapper\"><div class=\"vc_row wpb_row row top-row wpb_custom_034b39d9bc6c6b310d69e39f0ccf274f\"><div class=\"vc_column_container col-md-12\"><div class=\"wpb_wrapper vc_column-inner\">\r\n\t<div class=\"wpb_text_column wpb_content_element wpb_custom_7c91d232724f73626cc933bd95b25ff0\" >\r\n\t\t<div class=\"wpb_wrapper\">\r\n\t\t\t<div id=\"v1replybody1\">\n<p style=\"text-align: justify;\"><span style=\"font-size: 17px;\">2024 m. vasario 7 d. de\u0161imt Vidaus auditori\u0173 asociacijos nari\u0173 dalyvavo komunikacijos ekspert\u0117s <span style=\"color: #006198;\"><strong>Lauros Dabulyt\u0117s<\/strong><\/span>\u00a0<a href=\"https:\/\/www.linkedin.com\/in\/dabulyte\/\" target=\"_blank\" rel=\"noopener noreferrer\">https:\/\/www.linkedin.com\/in\/dabulyte\/<\/a>\u00a0mokymuose. <\/span><\/p>\n<p style=\"text-align: justify;\"><span style=\"font-size: 17px;\">Trys valandos prab\u0117go kaip trys minut\u0117s! Aptar\u0117me, kaip komunikuojant i\u0161laikyti d\u0117mes\u012f ir laiko kontrol\u0119 &#8211; &#8220;i\u0161laikyti mikrofon\u0105&#8221;, kaip prioretizuoti pagrindines \u017einutes ir jas ai\u0161kiai bei suprantamai pateikti. \u012edomiai diskutavome apie d\u0117mesio i\u0161laikymo, jausm\u0173 bei pasitik\u0117jimo savimi svarb\u0105. D\u0117kojame <strong><span style=\"color: #006198;\">Laurai Dabulytei<\/span><\/strong> u\u017e tok\u012f \u012fdom\u0173 ir nauding\u0105 seminar\u0105!<\/span><\/p>\n<p style=\"text-align: justify;\">\n<\/div>\n\r\n\t\t<\/div>\r\n\t<\/div>\r\n<\/div><\/div><\/div>\n<\/div>","protected":false},"excerpt":{"rendered":"2024 m. vasario 7 d. de\u0161imt Vidaus auditori\u0173 asociacijos nari\u0173 dalyvavo komunikacijos ekspert\u0117s Lauros Dabulyt\u0117s\u00a0https:\/\/www.linkedin.com\/in\/dabulyte\/\u00a0mokymuose. Trys valandos prab\u0117go kaip trys minut\u0117s! Aptar\u0117me, kaip komunikuojant i\u0161laikyti d\u0117mes\u012f ir laiko kontrol\u0119 - \"i\u0161laikyti mikrofon\u0105\", kaip prioretizuoti pagrindines \u017einutes ir jas ai\u0161kiai bei suprantamai pateikti. \u012edomiai diskutavome apie d\u0117mesio i\u0161laikymo, jausm\u0173 bei pasitik\u0117jimo savimi svarb\u0105. D\u0117kojame Laurai Dabulytei [...]","protected":false},"author":8,"featured_media":13327,"comment_status":"open","ping_status":"open","sticky":false,"template":"","format":"standard","meta":{"footnotes":""},"categories":[31],"tags":[93],"class_list":["post-13326","post","type-post","status-publish","format-standard","has-post-thumbnail","hentry","category-naujienos","tag-vidaus-auditoriu-asociacija"],"featured_image_src":{"landsacpe":["https:\/\/vaa.lt\/wp-content\/uploads\/2024\/02\/DALL\u00b7E-2024-02-07-08.57.32-An-illustration-showing-a-female-communication-expert-leading-a-training-session-for-ten-female-members-of-the-Internal-Auditors-Association-all-seat-1140x445.webp",1140,445,true],"list":["https:\/\/vaa.lt\/wp-content\/uploads\/2024\/02\/DALL\u00b7E-2024-02-07-08.57.32-An-illustration-showing-a-female-communication-expert-leading-a-training-session-for-ten-female-members-of-the-Internal-Auditors-Association-all-seat-463x348.webp",463,348,true],"medium":["https:\/\/vaa.lt\/wp-content\/uploads\/2024\/02\/DALL\u00b7E-2024-02-07-08.57.32-An-illustration-showing-a-female-communication-expert-leading-a-training-session-for-ten-female-members-of-the-Internal-Auditors-Association-all-seat-300x171.webp",300,171,true],"full":["https:\/\/vaa.lt\/wp-content\/uploads\/2024\/02\/DALL\u00b7E-2024-02-07-08.57.32-An-illustration-showing-a-female-communication-expert-leading-a-training-session-for-ten-female-members-of-the-Internal-Auditors-Association-all-seat.webp",1792,1024,false]},"_links":{"self":[{"href":"https:\/\/vaa.lt\/en\/wp-json\/wp\/v2\/posts\/13326","targetHints":{"allow":["GET"]}}],"collection":[{"href":"https:\/\/vaa.lt\/en\/wp-json\/wp\/v2\/posts"}],"about":[{"href":"https:\/\/vaa.lt\/en\/wp-json\/wp\/v2\/types\/post"}],"author":[{"embeddable":true,"href":"https:\/\/vaa.lt\/en\/wp-json\/wp\/v2\/users\/8"}],"replies":[{"embeddable":true,"href":"https:\/\/vaa.lt\/en\/wp-json\/wp\/v2\/comments?post=13326"}],"version-history":[{"count":0,"href":"https:\/\/vaa.lt\/en\/wp-json\/wp\/v2\/posts\/13326\/revisions"}],"wp:featuredmedia":[{"embeddable":true,"href":"https:\/\/vaa.lt\/en\/wp-json\/wp\/v2\/media\/13327"}],"wp:attachment":[{"href":"https:\/\/vaa.lt\/en\/wp-json\/wp\/v2\/media?parent=13326"}],"wp:term":[{"taxonomy":"category","embeddable":true,"href":"https:\/\/vaa.lt\/en\/wp-json\/wp\/v2\/categories?post=13326"},{"taxonomy":"post_tag","embeddable":true,"href":"https:\/\/vaa.lt\/en\/wp-json\/wp\/v2\/tags?post=13326"}],"curies":[{"name":"wp","href":"https:\/\/api.w.org\/{rel}","templated":true}]}}